{"id":7017,"date":"2026-04-28T14:19:23","date_gmt":"2026-04-28T14:19:23","guid":{"rendered":"https:\/\/globalizationinstitute.al\/?p=7017"},"modified":"2026-04-28T14:19:23","modified_gmt":"2026-04-28T14:19:23","slug":"kina-kundershton-dhunen-pas-te-shtenave-me-arme-ndaj-korrespondenteve-te-shtepise-se-bardhe-ne-darke","status":"publish","type":"post","link":"https:\/\/globalizationinstitute.al\/sq\/kina-kundershton-dhunen-pas-te-shtenave-me-arme-ndaj-korrespondenteve-te-shtepise-se-bardhe-ne-darke\/","title":{"rendered":"Kina kund\u00ebrshton dhun\u00ebn pas t\u00eb sht\u00ebnave me arm\u00eb ndaj korrespondent\u00ebve t\u00eb Sht\u00ebpis\u00eb s\u00eb Bardh\u00eb n\u00eb dark\u00eb"},"content":{"rendered":"<p style=\"text-align: center;\"><em>Lin Jian (Foto nga VCG)<\/em><\/p>\n<p>Kina shpreh shqet\u00ebsim p\u00ebr t\u00eb sht\u00ebnat n\u00eb dark\u00ebn e korrespondent\u00ebve t\u00eb Sht\u00ebpis\u00eb s\u00eb Bardh\u00eb gjat\u00eb fundjav\u00ebs. Takimi vjetor, ku mor\u00ebn pjes\u00eb gazetar\u00eb dhe figura politike, u nd\u00ebrpre kur nj\u00eb person i armatosur u p\u00ebrpoq t\u00eb shkelte sigurin\u00eb pran\u00eb vendit t\u00eb takimit.<\/p>\n<p>T\u00eb h\u00ebn\u00ebn, z\u00ebdh\u00ebn\u00ebsi i Ministris\u00eb s\u00eb Jashtme, Lin Jian, p\u00ebrs\u00ebriti kund\u00ebrshtimin e vazhduesh\u00ebm t\u00eb Kin\u00ebs ndaj dhun\u00ebs s\u00eb paligjshme. Ai tha: &#8220;Ne vazhdimisht kund\u00ebrshtojm\u00eb dhe d\u00ebnojm\u00eb t\u00eb gjitha aktet e paligjshme t\u00eb dhun\u00ebs.&#8221;<\/p>\n<p>&nbsp;<\/p>\n<p><a href=\"https:\/\/albanian.cgtn.com\/2026\/04\/28\/ARTI1777346059742465\/\">CGTN<\/a><\/p>","protected":false},"excerpt":{"rendered":"<p>Lin Jian (Foto nga VCG) Kina shpreh shqet\u00ebsim p\u00ebr t\u00eb sht\u00ebnat n\u00eb dark\u00ebn e korrespondent\u00ebve t\u00eb Sht\u00ebpis\u00eb s\u00eb Bardh\u00eb gjat\u00eb fundjav\u00ebs. Takimi vjetor, ku mor\u00ebn pjes\u00eb gazetar\u00eb dhe figura politike, u nd\u00ebrpre kur nj\u00eb person i armatosur u p\u00ebrpoq t\u00eb shkelte sigurin\u00eb pran\u00eb vendit t\u00eb takimit. T\u00eb h\u00ebn\u00ebn, z\u00ebdh\u00ebn\u00ebsi i Ministris\u00eb s\u00eb Jashtme, Lin Jian, [&hellip;]<\/p>\n","protected":false},"author":2,"featured_media":7018,"comment_status":"open","ping_status":"open","sticky":false,"template":"","format":"standard","meta":{"_acf_changed":false,"footnotes":""},"categories":[24],"tags":[],"class_list":["post-7017","post","type-post","status-publish","format-standard","has-post-thumbnail","hentry","category-china-observatory"],"acf":[],"_links":{"self":[{"href":"https:\/\/globalizationinstitute.al\/sq\/wp-json\/wp\/v2\/posts\/7017","targetHints":{"allow":["GET"]}}],"collection":[{"href":"https:\/\/globalizationinstitute.al\/sq\/wp-json\/wp\/v2\/posts"}],"about":[{"href":"https:\/\/globalizationinstitute.al\/sq\/wp-json\/wp\/v2\/types\/post"}],"author":[{"embeddable":true,"href":"https:\/\/globalizationinstitute.al\/sq\/wp-json\/wp\/v2\/users\/2"}],"replies":[{"embeddable":true,"href":"https:\/\/globalizationinstitute.al\/sq\/wp-json\/wp\/v2\/comments?post=7017"}],"version-history":[{"count":1,"href":"https:\/\/globalizationinstitute.al\/sq\/wp-json\/wp\/v2\/posts\/7017\/revisions"}],"predecessor-version":[{"id":7020,"href":"https:\/\/globalizationinstitute.al\/sq\/wp-json\/wp\/v2\/posts\/7017\/revisions\/7020"}],"wp:featuredmedia":[{"embeddable":true,"href":"https:\/\/globalizationinstitute.al\/sq\/wp-json\/wp\/v2\/media\/7018"}],"wp:attachment":[{"href":"https:\/\/globalizationinstitute.al\/sq\/wp-json\/wp\/v2\/media?parent=7017"}],"wp:term":[{"taxonomy":"category","embeddable":true,"href":"https:\/\/globalizationinstitute.al\/sq\/wp-json\/wp\/v2\/categories?post=7017"},{"taxonomy":"post_tag","embeddable":true,"href":"https:\/\/globalizationinstitute.al\/sq\/wp-json\/wp\/v2\/tags?post=7017"}],"curies":[{"name":"wp","href":"https:\/\/api.w.org\/{rel}","templated":true}]}}