{"id":7029,"date":"2026-04-30T15:20:06","date_gmt":"2026-04-30T15:20:06","guid":{"rendered":"https:\/\/globalizationinstitute.al\/?p=7029"},"modified":"2026-04-30T15:20:06","modified_gmt":"2026-04-30T15:20:06","slug":"kina-miraton-ligjin-per-te-forcuar-sistemin-e-ndihmes-sociale","status":"publish","type":"post","link":"https:\/\/globalizationinstitute.al\/sq\/kina-miraton-ligjin-per-te-forcuar-sistemin-e-ndihmes-sociale\/","title":{"rendered":"Kina miraton ligjin p\u00ebr t\u00eb forcuar sistemin e ndihm\u00ebs sociale"},"content":{"rendered":"<p style=\"text-align: center;\"><em>Salla e Madhe e Popullit n\u00eb Pekin, 14 prill 2026. \/VCG<\/em><\/p>\n<p>Organi m\u00eb i lart\u00eb ligjv\u00ebn\u00ebs i Kin\u00ebs votoi t\u00eb enjten p\u00ebr t\u00eb miratuar nj\u00eb ligj mbi ndihm\u00ebn sociale, q\u00eb synon forcimin e mb\u00ebshtetjes s\u00eb jetes\u00ebs baz\u00eb dhe sigurimin e nj\u00eb rrjeti m\u00eb t\u00eb fort\u00eb sigurie p\u00ebr grupet e cenueshme.<\/p>\n<p>Ligji u miratua pas shqyrtimit t\u00eb tret\u00eb n\u00eb nj\u00eb sesion legjislativ t\u00eb Komitetit t\u00eb P\u00ebrhersh\u00ebm t\u00eb Asambles\u00eb Komb\u00ebtare Popullore t\u00eb zhvilluar nga e h\u00ebna deri t\u00eb enjten.<\/p>\n<p>Ligji do t\u00eb hyj\u00eb n\u00eb fuqi m\u00eb 1 korrik 2026.<\/p>\n<p>Dokumenti, q\u00eb p\u00ebrmban 78 nene t\u00eb ndar\u00eb n\u00eb shtat\u00eb kapituj, p\u00ebrcakton dispozitat e p\u00ebrgjithshme, p\u00ebrfituesit dhe llojet e ndihm\u00ebs, procedurat e ndihm\u00ebs, pjes\u00ebmarrjen e forcave shoq\u00ebrore, mbik\u00ebqyrjen e mbrojtjen, detyrimet ligjore etj.<\/p>\n<p>Ligji i ndihm\u00ebs sociale, pjes\u00eb themelore e legjislacionit t\u00eb sigurimeve shoq\u00ebrore, ofron garanci t\u00eb forta ligjore p\u00ebr t\u00eb nxitur zhvillimin e ndihm\u00ebs sociale me cil\u00ebsi t\u00eb lart\u00eb dhe p\u00ebr t\u00eb siguruar q\u00eb t\u00eb gjith\u00eb kinez\u00ebt t\u00eb p\u00ebrfitojn\u00eb nga reforma dhe zhvillimi i vendit.<\/p>\n<p>&nbsp;<\/p>\n<p><a href=\"https:\/\/albanian.cgtn.com\/2026\/04\/30\/ARTI1777553212788369\">CGTN<\/a><\/p>","protected":false},"excerpt":{"rendered":"<p>Salla e Madhe e Popullit n\u00eb Pekin, 14 prill 2026. \/VCG Organi m\u00eb i lart\u00eb ligjv\u00ebn\u00ebs i Kin\u00ebs votoi t\u00eb enjten p\u00ebr t\u00eb miratuar nj\u00eb ligj mbi ndihm\u00ebn sociale, q\u00eb synon forcimin e mb\u00ebshtetjes s\u00eb jetes\u00ebs baz\u00eb dhe sigurimin e nj\u00eb rrjeti m\u00eb t\u00eb fort\u00eb sigurie p\u00ebr grupet e cenueshme. Ligji u miratua pas shqyrtimit [&hellip;]<\/p>\n","protected":false},"author":2,"featured_media":7030,"comment_status":"open","ping_status":"open","sticky":false,"template":"","format":"standard","meta":{"_acf_changed":false,"footnotes":""},"categories":[24],"tags":[],"class_list":["post-7029","post","type-post","status-publish","format-standard","has-post-thumbnail","hentry","category-china-observatory"],"acf":[],"_links":{"self":[{"href":"https:\/\/globalizationinstitute.al\/sq\/wp-json\/wp\/v2\/posts\/7029","targetHints":{"allow":["GET"]}}],"collection":[{"href":"https:\/\/globalizationinstitute.al\/sq\/wp-json\/wp\/v2\/posts"}],"about":[{"href":"https:\/\/globalizationinstitute.al\/sq\/wp-json\/wp\/v2\/types\/post"}],"author":[{"embeddable":true,"href":"https:\/\/globalizationinstitute.al\/sq\/wp-json\/wp\/v2\/users\/2"}],"replies":[{"embeddable":true,"href":"https:\/\/globalizationinstitute.al\/sq\/wp-json\/wp\/v2\/comments?post=7029"}],"version-history":[{"count":1,"href":"https:\/\/globalizationinstitute.al\/sq\/wp-json\/wp\/v2\/posts\/7029\/revisions"}],"predecessor-version":[{"id":7031,"href":"https:\/\/globalizationinstitute.al\/sq\/wp-json\/wp\/v2\/posts\/7029\/revisions\/7031"}],"wp:featuredmedia":[{"embeddable":true,"href":"https:\/\/globalizationinstitute.al\/sq\/wp-json\/wp\/v2\/media\/7030"}],"wp:attachment":[{"href":"https:\/\/globalizationinstitute.al\/sq\/wp-json\/wp\/v2\/media?parent=7029"}],"wp:term":[{"taxonomy":"category","embeddable":true,"href":"https:\/\/globalizationinstitute.al\/sq\/wp-json\/wp\/v2\/categories?post=7029"},{"taxonomy":"post_tag","embeddable":true,"href":"https:\/\/globalizationinstitute.al\/sq\/wp-json\/wp\/v2\/tags?post=7029"}],"curies":[{"name":"wp","href":"https:\/\/api.w.org\/{rel}","templated":true}]}}