{"id":7037,"date":"2026-05-01T09:59:12","date_gmt":"2026-05-01T09:59:12","guid":{"rendered":"https:\/\/globalizationinstitute.al\/?p=7037"},"modified":"2026-05-01T09:59:12","modified_gmt":"2026-05-01T09:59:12","slug":"kina-synon-menaxhimin-e-mosmarreveshjeve-tregtare-me-be-ne-nepermjet-dialogut-dhe-konsultimeve","status":"publish","type":"post","link":"https:\/\/globalizationinstitute.al\/sq\/kina-synon-menaxhimin-e-mosmarreveshjeve-tregtare-me-be-ne-nepermjet-dialogut-dhe-konsultimeve\/","title":{"rendered":"Kina synon menaxhimin e mosmarr\u00ebveshjeve tregtare me BE-n\u00eb n\u00ebp\u00ebrmjet dialogut dhe konsultimeve"},"content":{"rendered":"<p style=\"text-align: center;\"><em>Foto nga MPJ-ja<\/em><\/p>\n<p>Kina shpreson q\u00eb Belgjika do t\u00eb luaj\u00eb nj\u00eb rol aktiv dhe konstruktiv brenda Bashkimit Evropian (BE) p\u00ebr t\u00eb leht\u00ebsuar trajtimin e duhur t\u00eb mosmarr\u00ebveshjeve ekonomike e tregtare mes BE-s\u00eb dhe Kin\u00ebs n\u00ebp\u00ebrmjet dialogut dhe konsultimeve, u shpreh t\u00eb enjten n\u00eb Pekin\u00a0ministri i Jasht\u00ebm kinez Wang Yi gjat\u00eb nj\u00eb takimi me z\u00ebvend\u00ebskryeministrin dhe ministrin e Pun\u00ebve t\u00eb Jashtme t\u00eb Belgjik\u00ebs, Maxime Prevot.<\/p>\n<p>Pala kineze \u00ebsht\u00eb e gatshme q\u00eb t\u00eb ruaj\u00eb respektin e nd\u00ebrsjell\u00eb me pal\u00ebn belge, t\u00eb k\u00ebrkoj\u00eb pikat e p\u00ebrbashk\u00ebta duke menaxhuar dallimet, t\u00eb mbaj\u00eb dialogun dhe komunikimin e ngusht\u00eb, t\u00eb shtoj\u00eb mir\u00ebkuptimin dhe besimin e nd\u00ebrsjell\u00eb, t\u00eb forcoj\u00eb shk\u00ebmbimet kulturore e njer\u00ebzore, t\u00eb thelloj\u00eb bashk\u00ebpunimin praktik dhe t&#8217;i ngrej\u00eb marr\u00ebdh\u00ebniet Kin\u00eb-Belgjik\u00eb n\u00eb nj\u00eb nivel t\u00eb ri, shtoi Wang.<\/p>\n<p>T\u00eb dy pal\u00ebt shk\u00ebmbyen pik\u00ebpamje mbi \u00e7\u00ebshtjet e nxehta nd\u00ebrkomb\u00ebtare e rajonale me interes t\u00eb p\u00ebrbashk\u00ebt. Wang parashtroi q\u00ebndrimin parimor t\u00eb Kin\u00ebs, nd\u00ebrsa Prevot vler\u00ebsoi p\u00ebrpjekjet e Kin\u00ebs p\u00ebr t\u00eb ndihmuar n\u00eb leht\u00ebsimin e tensioneve rajonale dhe angazhimin e saj p\u00ebr t&#8217;i zgjidhur \u00e7\u00ebshtjet n\u00ebp\u00ebrmjet\u00a0dialogut, duke shprehur gatishm\u00ebrin\u00eb e pal\u00ebs belge p\u00ebr t\u00eb mbajtur komunikimin e ngusht\u00eb me pal\u00ebn kineze.<\/p>\n<p>Duke theksuar se lidhjet belgo-kineze jan\u00eb m\u00eb t\u00eb r\u00ebnd\u00ebsishme se kurr\u00eb m\u00eb par\u00eb, Prevot tha se Belgjika i p\u00ebrmbahet fort politik\u00ebs s\u00eb &#8220;nj\u00eb Kine&#8221; dhe respekton rezolutat p\u00ebrkat\u00ebse t\u00eb OKB-s\u00eb.<\/p>\n<p>P\u00ebr \u00e7\u00ebshtjet ekonomike dhe tregtare, kreu i diplomacis\u00eb belge tha se vendi i tij nuk pajtohet me proteksionizmin dhe \u00ebsht\u00eb i gatsh\u00ebm t\u00eb forcoj\u00eb komunikimin e dialogun me Kin\u00ebn n\u00eb m\u00ebnyr\u00eb pozitive, t\u00eb hapur e konstruktive, p\u00ebr t\u00eb thelluar bashk\u00ebpunimin me p\u00ebrfitime t\u00eb nd\u00ebrsjella.<\/p>\n<p>Prevot tha se Belgjika \u00ebsht\u00eb e gatshme t\u00eb mb\u00ebshtes\u00eb multilateralizmin, t\u00eb mbroj\u00eb ligjin nd\u00ebrkomb\u00ebtar dhe t\u00eb luaj\u00eb nj\u00eb rol pozitiv n\u00eb promovimin e zhvillimit t\u00eb sh\u00ebndetsh\u00ebm t\u00eb marr\u00ebdh\u00ebnieve BE-Kin\u00eb.<\/p>\n<p>&nbsp;<\/p>\n<p><a href=\"https:\/\/albanian.cgtn.com\/2026\/05\/01\/ARTI1777608255934184\/\">CGTN<\/a><\/p>","protected":false},"excerpt":{"rendered":"<p>Foto nga MPJ-ja Kina shpreson q\u00eb Belgjika do t\u00eb luaj\u00eb nj\u00eb rol aktiv dhe konstruktiv brenda Bashkimit Evropian (BE) p\u00ebr t\u00eb leht\u00ebsuar trajtimin e duhur t\u00eb mosmarr\u00ebveshjeve ekonomike e tregtare mes BE-s\u00eb dhe Kin\u00ebs n\u00ebp\u00ebrmjet dialogut dhe konsultimeve, u shpreh t\u00eb enjten n\u00eb Pekin\u00a0ministri i Jasht\u00ebm kinez Wang Yi gjat\u00eb nj\u00eb takimi me z\u00ebvend\u00ebskryeministrin dhe [&hellip;]<\/p>\n","protected":false},"author":2,"featured_media":7034,"comment_status":"open","ping_status":"open","sticky":false,"template":"","format":"standard","meta":{"_acf_changed":false,"footnotes":""},"categories":[24],"tags":[],"class_list":["post-7037","post","type-post","status-publish","format-standard","has-post-thumbnail","hentry","category-china-observatory"],"acf":[],"_links":{"self":[{"href":"https:\/\/globalizationinstitute.al\/sq\/wp-json\/wp\/v2\/posts\/7037","targetHints":{"allow":["GET"]}}],"collection":[{"href":"https:\/\/globalizationinstitute.al\/sq\/wp-json\/wp\/v2\/posts"}],"about":[{"href":"https:\/\/globalizationinstitute.al\/sq\/wp-json\/wp\/v2\/types\/post"}],"author":[{"embeddable":true,"href":"https:\/\/globalizationinstitute.al\/sq\/wp-json\/wp\/v2\/users\/2"}],"replies":[{"embeddable":true,"href":"https:\/\/globalizationinstitute.al\/sq\/wp-json\/wp\/v2\/comments?post=7037"}],"version-history":[{"count":1,"href":"https:\/\/globalizationinstitute.al\/sq\/wp-json\/wp\/v2\/posts\/7037\/revisions"}],"predecessor-version":[{"id":7038,"href":"https:\/\/globalizationinstitute.al\/sq\/wp-json\/wp\/v2\/posts\/7037\/revisions\/7038"}],"wp:featuredmedia":[{"embeddable":true,"href":"https:\/\/globalizationinstitute.al\/sq\/wp-json\/wp\/v2\/media\/7034"}],"wp:attachment":[{"href":"https:\/\/globalizationinstitute.al\/sq\/wp-json\/wp\/v2\/media?parent=7037"}],"wp:term":[{"taxonomy":"category","embeddable":true,"href":"https:\/\/globalizationinstitute.al\/sq\/wp-json\/wp\/v2\/categories?post=7037"},{"taxonomy":"post_tag","embeddable":true,"href":"https:\/\/globalizationinstitute.al\/sq\/wp-json\/wp\/v2\/tags?post=7037"}],"curies":[{"name":"wp","href":"https:\/\/api.w.org\/{rel}","templated":true}]}}