{"id":7053,"date":"2026-05-03T12:30:17","date_gmt":"2026-05-03T12:30:17","guid":{"rendered":"https:\/\/globalizationinstitute.al\/?p=7053"},"modified":"2026-05-03T12:30:17","modified_gmt":"2026-05-03T12:30:17","slug":"kina-kerkon-reflektim-mbi-gjyqet-e-tokios-mes-rritjes-se-neomilitarizmit-japonez","status":"publish","type":"post","link":"https:\/\/globalizationinstitute.al\/sq\/kina-kerkon-reflektim-mbi-gjyqet-e-tokios-mes-rritjes-se-neomilitarizmit-japonez\/","title":{"rendered":"Kina k\u00ebrkon reflektim mbi Gjyqet e Tokios mes rritjes s\u00eb neomilitarizmit japonez"},"content":{"rendered":"<p style=\"text-align: center;\"><em>Foto nga VCG<\/em><\/p>\n<p>Kina b\u00ebri thirrje t\u00eb diel\u00ebn p\u00ebr nj\u00eb reflektim t\u00eb ri mbi trash\u00ebgimin\u00eb e Gjyqeve e Tokios, n\u00eb 80-vjetorin e hapjes s\u00eb tyre, duke paralajm\u00ebruar se r\u00ebnd\u00ebsia e tyre \u00ebsht\u00eb rritur ndjesh\u00ebm mes rritjes s\u00eb neomilitarizmit japonez.<\/p>\n<p>Nj\u00eb z\u00ebdh\u00ebn\u00ebs i Ministris\u00eb s\u00eb Jashtme t\u00eb Kin\u00ebs kritikoi p\u00ebrpjekjet e forcave t\u00eb djathta n\u00eb Japoni p\u00ebr t\u00eb zbukuruar agresionin, p\u00ebr t\u00eb ringjallur sektorin e industris\u00eb ushtarake, p\u00ebr t\u00eb nxitur rishikimin e kushtetut\u00ebs dhe p\u00ebr t\u00eb p\u00ebrshpejtuar rimilitarizimin. Sipas tij, nd\u00ebrsa k\u00ebto prirje po marrin hov n\u00eb Japoni, rikthimi te Gjyqet e Tokios merr nj\u00eb dometh\u00ebnie edhe m\u00eb t\u00eb madhe bashk\u00ebkohore.<\/p>\n<p>Gjyqet e Tokios u hap\u00ebn m\u00eb 3 maj 1946, pothuajse nj\u00eb vit pasi Japonia shpalli dor\u00ebzimin pa kushte n\u00eb Luft\u00ebn e Dyt\u00eb Bot\u00ebrore. N\u00eb dy vitet e gjysm\u00eb n\u00eb vijim, gjykata, e p\u00ebrb\u00ebr\u00eb nga gjyqtar\u00eb nga 11 vende, zbuloi dhe trajtoi krimet \u00e7njer\u00ebzore t\u00eb luft\u00ebs t\u00eb kryera gjat\u00eb ekspansionit fashist japonez\u00a0dhe d\u00ebnoi 25 kriminel\u00eb lufte t\u00eb Klasit A, p\u00ebrfshir\u00eb Hideki Tojo-n, me vdekje ose burgim.<\/p>\n<p><em><img decoding=\"async\" class=\"aligncenter\" src=\"https:\/\/38picres.cgtn.com\/photoAlbum\/page\/performance\/img\/2026\/5\/3\/1777798208320_986.jpg\" \/><\/em><\/p>\n<p style=\"text-align: center;\"><em>Foto nga VCG<\/em><\/p>\n<p>Ministria e Jashtme\u00a0e\u00a0Kin\u00ebs\u00a0theksoi se gjyqet zbatuan parimet e Deklarat\u00ebs s\u00eb Kajros dhe t\u00eb Proklamat\u00ebs s\u00eb Potsdamit, duke pasqyruar vullnetin kolektiv t\u00eb vendeve fituese e t\u00eb viktimave\u00a0dhe\u00a0duke mbrojtur q\u00ebllimet e Kombeve t\u00eb Bashkuara e rezultatet e Luft\u00ebs s\u00eb Dyt\u00eb Bot\u00ebrore.<\/p>\n<p>N\u00eb t\u00eb nj\u00ebjt\u00ebn koh\u00eb, ministria kritikoi trajektoren aktuale t\u00eb siguris\u00eb t\u00eb Japonis\u00eb, duke theksuar q\u00eb \u201cmbetjet e militarizmit nuk jan\u00eb zhdukur\u201d\u00a0dhe po shfaqin shenja ringjalljeje. Ajo akuzoi disa grupe t\u00eb djathta japoneze se po mohojn\u00eb ose shtremb\u00ebrojn\u00eb p\u00ebrfundimet e Gjyqeve e Tokios, po zbukurojn\u00eb aktet e agresionit dhe po rishkruajn\u00eb tekstet shkollore p\u00ebr t\u00eb promovuar nj\u00eb rr\u00ebfim t\u00eb shtremb\u00ebruar t\u00eb historis\u00eb.<\/p>\n<p>&nbsp;<\/p>\n<p><a href=\"https:\/\/albanian.cgtn.com\/2026\/05\/03\/ARTI1777798225177532\/\">CGTN<\/a><\/p>","protected":false},"excerpt":{"rendered":"<p>Foto nga VCG Kina b\u00ebri thirrje t\u00eb diel\u00ebn p\u00ebr nj\u00eb reflektim t\u00eb ri mbi trash\u00ebgimin\u00eb e Gjyqeve e Tokios, n\u00eb 80-vjetorin e hapjes s\u00eb tyre, duke paralajm\u00ebruar se r\u00ebnd\u00ebsia e tyre \u00ebsht\u00eb rritur ndjesh\u00ebm mes rritjes s\u00eb neomilitarizmit japonez. Nj\u00eb z\u00ebdh\u00ebn\u00ebs i Ministris\u00eb s\u00eb Jashtme t\u00eb Kin\u00ebs kritikoi p\u00ebrpjekjet e forcave t\u00eb djathta n\u00eb Japoni [&hellip;]<\/p>\n","protected":false},"author":2,"featured_media":7050,"comment_status":"open","ping_status":"open","sticky":false,"template":"","format":"standard","meta":{"_acf_changed":false,"footnotes":""},"categories":[24],"tags":[],"class_list":["post-7053","post","type-post","status-publish","format-standard","has-post-thumbnail","hentry","category-china-observatory"],"acf":[],"_links":{"self":[{"href":"https:\/\/globalizationinstitute.al\/sq\/wp-json\/wp\/v2\/posts\/7053","targetHints":{"allow":["GET"]}}],"collection":[{"href":"https:\/\/globalizationinstitute.al\/sq\/wp-json\/wp\/v2\/posts"}],"about":[{"href":"https:\/\/globalizationinstitute.al\/sq\/wp-json\/wp\/v2\/types\/post"}],"author":[{"embeddable":true,"href":"https:\/\/globalizationinstitute.al\/sq\/wp-json\/wp\/v2\/users\/2"}],"replies":[{"embeddable":true,"href":"https:\/\/globalizationinstitute.al\/sq\/wp-json\/wp\/v2\/comments?post=7053"}],"version-history":[{"count":1,"href":"https:\/\/globalizationinstitute.al\/sq\/wp-json\/wp\/v2\/posts\/7053\/revisions"}],"predecessor-version":[{"id":7054,"href":"https:\/\/globalizationinstitute.al\/sq\/wp-json\/wp\/v2\/posts\/7053\/revisions\/7054"}],"wp:featuredmedia":[{"embeddable":true,"href":"https:\/\/globalizationinstitute.al\/sq\/wp-json\/wp\/v2\/media\/7050"}],"wp:attachment":[{"href":"https:\/\/globalizationinstitute.al\/sq\/wp-json\/wp\/v2\/media?parent=7053"}],"wp:term":[{"taxonomy":"category","embeddable":true,"href":"https:\/\/globalizationinstitute.al\/sq\/wp-json\/wp\/v2\/categories?post=7053"},{"taxonomy":"post_tag","embeddable":true,"href":"https:\/\/globalizationinstitute.al\/sq\/wp-json\/wp\/v2\/tags?post=7053"}],"curies":[{"name":"wp","href":"https:\/\/api.w.org\/{rel}","templated":true}]}}