{"id":7055,"date":"2026-05-03T12:31:21","date_gmt":"2026-05-03T12:31:21","guid":{"rendered":"https:\/\/globalizationinstitute.al\/?p=7055"},"modified":"2026-05-03T12:31:21","modified_gmt":"2026-05-03T12:31:21","slug":"ministria-e-jashtme-e-kines-reagon-ndaj-udhetimit-te-lai-chingte-se-ne-esvatini-me-avion-privat","status":"publish","type":"post","link":"https:\/\/globalizationinstitute.al\/sq\/ministria-e-jashtme-e-kines-reagon-ndaj-udhetimit-te-lai-chingte-se-ne-esvatini-me-avion-privat\/","title":{"rendered":"Ministria e Jashtme e Kin\u00ebs reagon ndaj udh\u00ebtimit t\u00eb Lai Chingte-s\u00eb n\u00eb Esvatini me avion privat"},"content":{"rendered":"<p style=\"text-align: center;\"><em>Foto nga Ministria e Jashtme e Kin\u00ebs<\/em><\/p>\n<p>Ministria e Jashtme e Kin\u00ebs b\u00ebri t\u00eb shtun\u00ebn nj\u00eb deklarat\u00eb n\u00eb p\u00ebrgjigje t\u00eb pyetjeve t\u00eb mediave lidhur me raportimet\u00a0q\u00eb\u00a0Lai Chingte, lideri i rajonit t\u00eb Tajvanit t\u00eb Kin\u00ebs, mb\u00ebrriti n\u00eb Esvatini\u00a0me avionin privat t\u00eb mbretit t\u00eb Esvatinit.<\/p>\n<p>M\u00eb posht\u00eb \u00ebsht\u00eb deklarata e plot\u00eb e z\u00ebdh\u00ebn\u00ebsit t\u00eb Ministris\u00eb s\u00eb Jashtme:<\/p>\n<p>Vet\u00ebm pak or\u00eb pas t\u00ebrmetit n\u00eb Yilan, Lai Chingte braktisi popullin e Tajvanit q\u00eb ende po p\u00ebrballej me pasojat e fatkeq\u00ebsis\u00eb dhe hipi fshehurazi n\u00eb nj\u00eb avion t\u00eb huaj p\u00ebr t&#8217;u &#8220;larguar kontraband\u00eb&#8221; nga ishulli, duke shp\u00ebrdoruar parat\u00eb e taksapaguesve dhe duke kryer nj\u00eb shfaqje qesharake para bot\u00ebs.<\/p>\n<p>Kjo i shton nj\u00eb kapitull tjet\u00ebr t\u00eb turpsh\u00ebm separatizmit t\u00eb \u201cpavar\u00ebsis\u00eb s\u00eb Tajvanit\u201d.<\/p>\n<p>Veprimi i padenj\u00eb i Lai Chingte-s\u00eb dhe t\u00eb ngjashm\u00ebve me t\u00eb d\u00ebshmon edhe nj\u00eb her\u00eb\u00a0q\u00eb\u00a0parimi i \u201cnj\u00eb Kine\u201d \u00ebsht\u00eb prej koh\u00ebsh norm\u00eb themelore e marr\u00ebdh\u00ebnieve nd\u00ebrkomb\u00ebtare dhe konsensus i gjer\u00eb nd\u00ebrkomb\u00ebtar.<\/p>\n<p>Pavar\u00ebsisht se si bashk\u00ebpunojn\u00eb\u00a0autoritetet e Partis\u00eb Demokratike Progresive\u00a0me forcat e jashtme dhe i mbajn\u00eb\u00a0ata njer\u00ebz n\u00eb borderon\u00eb e DDP-s\u00eb, kjo do t\u00eb mbetet nj\u00eb p\u00ebrpjekje e d\u00ebshtuar dhe nuk do t\u00eb ndryshoj\u00eb faktin se Tajvani \u00ebsht\u00eb pjes\u00eb e Kin\u00ebs.<\/p>\n<p>Pavar\u00ebsisht se si forcat e \u201cpavar\u00ebsis\u00eb s\u00eb Tajvanit\u201d\u00a0p\u00ebrpiqen t\u00eb maskojn\u00eb natyr\u00ebn e tyre apo t\u00eb ndryshojn\u00eb pamjen, asgj\u00eb nuk mund t\u00eb shp\u00ebtoj\u00eb reputacionin e tyre apo t\u2019i ndihmoj\u00eb t\u2019i shp\u00ebtojn\u00eb d\u00ebnimit\u00a0t\u00eb bashk\u00ebsis\u00eb nd\u00ebrkomb\u00ebtare.<\/p>\n<p>Ne u b\u00ebjm\u00eb thirrje Esvatinit\u00a0e disa vendeve t\u00eb tjera q\u00eb t\u00eb shohin prirjen historike\u00a0dhe t\u00eb ndalojn\u00eb s\u00eb sh\u00ebrbyeri si mjet p\u00ebr separatist\u00ebt e \u201cpavar\u00ebsis\u00eb s\u00eb Tajvanit\u201d.<\/p>\n<p>&nbsp;<\/p>\n<p><a href=\"https:\/\/albanian.cgtn.com\/2026\/05\/03\/ARTI1777798400735534\/\">CGTN<\/a><\/p>","protected":false},"excerpt":{"rendered":"<p>Foto nga Ministria e Jashtme e Kin\u00ebs Ministria e Jashtme e Kin\u00ebs b\u00ebri t\u00eb shtun\u00ebn nj\u00eb deklarat\u00eb n\u00eb p\u00ebrgjigje t\u00eb pyetjeve t\u00eb mediave lidhur me raportimet\u00a0q\u00eb\u00a0Lai Chingte, lideri i rajonit t\u00eb Tajvanit t\u00eb Kin\u00ebs, mb\u00ebrriti n\u00eb Esvatini\u00a0me avionin privat t\u00eb mbretit t\u00eb Esvatinit. M\u00eb posht\u00eb \u00ebsht\u00eb deklarata e plot\u00eb e z\u00ebdh\u00ebn\u00ebsit t\u00eb Ministris\u00eb s\u00eb Jashtme: [&hellip;]<\/p>\n","protected":false},"author":2,"featured_media":7051,"comment_status":"open","ping_status":"open","sticky":false,"template":"","format":"standard","meta":{"_acf_changed":false,"footnotes":""},"categories":[24],"tags":[],"class_list":["post-7055","post","type-post","status-publish","format-standard","has-post-thumbnail","hentry","category-china-observatory"],"acf":[],"_links":{"self":[{"href":"https:\/\/globalizationinstitute.al\/sq\/wp-json\/wp\/v2\/posts\/7055","targetHints":{"allow":["GET"]}}],"collection":[{"href":"https:\/\/globalizationinstitute.al\/sq\/wp-json\/wp\/v2\/posts"}],"about":[{"href":"https:\/\/globalizationinstitute.al\/sq\/wp-json\/wp\/v2\/types\/post"}],"author":[{"embeddable":true,"href":"https:\/\/globalizationinstitute.al\/sq\/wp-json\/wp\/v2\/users\/2"}],"replies":[{"embeddable":true,"href":"https:\/\/globalizationinstitute.al\/sq\/wp-json\/wp\/v2\/comments?post=7055"}],"version-history":[{"count":1,"href":"https:\/\/globalizationinstitute.al\/sq\/wp-json\/wp\/v2\/posts\/7055\/revisions"}],"predecessor-version":[{"id":7056,"href":"https:\/\/globalizationinstitute.al\/sq\/wp-json\/wp\/v2\/posts\/7055\/revisions\/7056"}],"wp:featuredmedia":[{"embeddable":true,"href":"https:\/\/globalizationinstitute.al\/sq\/wp-json\/wp\/v2\/media\/7051"}],"wp:attachment":[{"href":"https:\/\/globalizationinstitute.al\/sq\/wp-json\/wp\/v2\/media?parent=7055"}],"wp:term":[{"taxonomy":"category","embeddable":true,"href":"https:\/\/globalizationinstitute.al\/sq\/wp-json\/wp\/v2\/categories?post=7055"},{"taxonomy":"post_tag","embeddable":true,"href":"https:\/\/globalizationinstitute.al\/sq\/wp-json\/wp\/v2\/tags?post=7055"}],"curies":[{"name":"wp","href":"https:\/\/api.w.org\/{rel}","templated":true}]}}